{"id":2206,"date":"2021-10-29T15:10:46","date_gmt":"2021-10-29T13:10:46","guid":{"rendered":"http:\/\/raks.pl\/pomoc\/?p=2206"},"modified":"2022-10-12T13:49:55","modified_gmt":"2022-10-12T11:49:55","slug":"nie-nalicza-sie-fundusz-pracy-dla-pracownika-co-nalezy-sprawdzic","status":"publish","type":"post","link":"https:\/\/raks.pl\/pomoc\/nie-nalicza-sie-fundusz-pracy-dla-pracownika-co-nalezy-sprawdzic\/","title":{"rendered":"Nie nalicza si\u0119 Fundusz Pracy"},"content":{"rendered":"\n<p>Posiadaj\u0105c dla jednego pracownika zar\u00f3wno umow\u0119 o prac\u0119 oraz cywilnoprawn\u0105, program b\u0119dzie sprawdza\u0142 warunki naliczenia FP narastaj\u0105co w miesi\u0105cu z obu nalicze\u0144 (zar\u00f3wno realizacji oraz rachunku, wed\u0142ug daty wyp\u0142aty listy).<\/p>\n\n\n\n<p>Je\u015bli w pierwszej kolejno\u015bci naliczymy realizacj\u0119 dla umowy o prac\u0119 z wynagrodzeniem mniejszym ni\u017c minimalne, nast\u0119pnie naliczymy rachunek, gdzie \u0142\u0105cznie (z umowy o prac\u0119 oraz cywilnej) zostanie spe\u0142niony warunek co najmniej minimalnego wynagrodzenia (oraz pozosta\u0142e zwi\u0105zane z wiekiem pracownika, p\u0142ci\u0105 itd.) &nbsp;program na drugim naliczeniu naliczy sk\u0142adk\u0119 FP w wysoko\u015bci \u0142\u0105cznej z obu nalicze\u0144.<\/p>\n\n\n\n<p>Wa\u017cnym czynnikiem jest kolejno\u015b\u0107 dodawania nag\u0142\u00f3wk\u00f3w list p\u0142atniczych oraz nalicze\u0144, w zale\u017cno\u015bci od kolejno\u015bci tych czynno\u015bci sk\u0142adka FP zostanie wykazana na ostatniej naliczanej li\u015bcie (w skali miesi\u0105ca wed\u0142ug daty wyp\u0142aty).<\/p>\n","protected":false},"excerpt":{"rendered":"<p>Posiadaj\u0105c dla jednego pracownika zar\u00f3wno umow\u0119 o prac\u0119 oraz cywilnoprawn\u0105, program b\u0119dzie sprawdza\u0142 warunki naliczenia FP narastaj\u0105co w miesi\u0105cu z obu nalicze\u0144 (zar\u00f3wno realizacji oraz rachunku, wed\u0142ug daty wyp\u0142aty listy). Je\u015bli w pierwszej kolejno\u015bci naliczymy realizacj\u0119 dla umowy o prac\u0119 z wynagrodzeniem mniejszym ni\u017c minimalne, nast\u0119pnie naliczymy rachunek, gdzie \u0142\u0105cznie (z umowy o prac\u0119 oraz [&hellip;]<\/p>\n","protected":false},"author":1,"featured_media":0,"comment_status":"closed","ping_status":"","sticky":false,"template":"","format":"standard","meta":{"_acf_changed":false,"footnotes":""},"categories":[15,12],"tags":[],"class_list":["post-2206","post","type-post","status-publish","format-standard","hentry","category-kadry-i-place","category-wskazowki"],"acf":[],"_links":{"self":[{"href":"https:\/\/raks.pl\/pomoc\/wp-json\/wp\/v2\/posts\/2206","targetHints":{"allow":["GET"]}}],"collection":[{"href":"https:\/\/raks.pl\/pomoc\/wp-json\/wp\/v2\/posts"}],"about":[{"href":"https:\/\/raks.pl\/pomoc\/wp-json\/wp\/v2\/types\/post"}],"author":[{"embeddable":true,"href":"https:\/\/raks.pl\/pomoc\/wp-json\/wp\/v2\/users\/1"}],"replies":[{"embeddable":true,"href":"https:\/\/raks.pl\/pomoc\/wp-json\/wp\/v2\/comments?post=2206"}],"version-history":[{"count":3,"href":"https:\/\/raks.pl\/pomoc\/wp-json\/wp\/v2\/posts\/2206\/revisions"}],"predecessor-version":[{"id":4610,"href":"https:\/\/raks.pl\/pomoc\/wp-json\/wp\/v2\/posts\/2206\/revisions\/4610"}],"wp:attachment":[{"href":"https:\/\/raks.pl\/pomoc\/wp-json\/wp\/v2\/media?parent=2206"}],"wp:term":[{"taxonomy":"category","embeddable":true,"href":"https:\/\/raks.pl\/pomoc\/wp-json\/wp\/v2\/categories?post=2206"},{"taxonomy":"post_tag","embeddable":true,"href":"https:\/\/raks.pl\/pomoc\/wp-json\/wp\/v2\/tags?post=2206"}],"curies":[{"name":"wp","href":"https:\/\/api.w.org\/{rel}","templated":true}]}}