{"id":5268,"date":"2023-06-05T16:28:22","date_gmt":"2023-06-05T14:28:22","guid":{"rendered":"https:\/\/raks.pl\/pomoc\/?p=5268"},"modified":"2023-06-05T16:35:24","modified_gmt":"2023-06-05T14:35:24","slug":"jak-zaliczyc-skladke-zdrowotna-w-koszty-kpir","status":"publish","type":"post","link":"https:\/\/raks.pl\/pomoc\/jak-zaliczyc-skladke-zdrowotna-w-koszty-kpir\/","title":{"rendered":"Jak zaliczy\u0107 sk\u0142adk\u0119 zdrowotn\u0105 w koszty &#8211; KPIR"},"content":{"rendered":"\n<p>W module Finanse i Ksi\u0119gowo\u015b\u0107 istnieje mo\u017cliwo\u015b\u0107 zaliczenia sk\u0142adki zdrowotnej w koszty.<br>Taka funkcja dost\u0119pna jest w za\u0142o\u017conym roku obrotowym o typie Ksi\u0119ga Przychod\u00f3w i Rozchod\u00f3w.<br>Dost\u0119pna funkcjonalno\u015b\u0107 znajduje si\u0119 w zak\u0142adce <strong><em>Ksi\u0119gowo\u015b\u0107 &#8211;&gt; Dowody Wewn\u0119trzne.<\/em><\/strong><\/p>\n\n\n<div class=\"wp-block-image\">\n<figure class=\"aligncenter size-full\"><img loading=\"lazy\" decoding=\"async\" width=\"297\" height=\"222\" src=\"https:\/\/raks.pl\/pomoc\/wp-content\/uploads\/2023\/06\/1q.png\" alt=\"\" class=\"wp-image-5269\"\/><\/figure>\n<\/div>\n\n\n<p>Okno przegl\u0105dania podzielone jest na dwie cz\u0119\u015bci: z lewej strony znajduje si\u0119 drzewo dat, z prawej wy\u015bwietlane s\u0105 wprowadzone dowody.<\/p>\n\n\n\n<p>Do prawid\u0142owego zaliczenia sk\u0142adki zdrowotnej w koszty wymagane jest r\u00f3wnie\u017c poprawne uzupe\u0142nienie kartoteki kontrahenta, w tym calu nale\u017cy przej\u015b\u0107 do zak\u0142adki:<br><strong><em>Kartoteki &#8211;&gt; \u0179r\u00f3d\u0142a przychod\u00f3w, udzia\u0142owcy, udzia\u0142y<\/em><\/strong>.<\/p>\n\n\n<div class=\"wp-block-image\">\n<figure class=\"aligncenter size-full\"><img loading=\"lazy\" decoding=\"async\" width=\"323\" height=\"213\" src=\"https:\/\/raks.pl\/pomoc\/wp-content\/uploads\/2023\/06\/2q.png\" alt=\"\" class=\"wp-image-5270\" srcset=\"https:\/\/raks.pl\/pomoc\/wp-content\/uploads\/2023\/06\/2q.png 323w, https:\/\/raks.pl\/pomoc\/wp-content\/uploads\/2023\/06\/2q-300x198.png 300w\" sizes=\"auto, (max-width: 323px) 100vw, 323px\" \/><\/figure>\n<\/div>\n\n\n<p>Kolejnym krokiem jest dodanie udzia\u0142owca w roku za kt\u00f3ry chcemy zaliczy\u0107 sk\u0142adk\u0119 zdrowotn\u0105 do koszt\u00f3w. Nast\u0119pnie nale\u017cy edytowa\u0107 udzia\u0142owca i odznaczy\u0107 u niego zaznaczony poni\u017cej parametr, je\u015bli chcemy, aby sk\u0142adki zdrowotne nie przenios\u0142y si\u0119 na deklaracj\u0119 (rozliczenie miesi\u0119czne b\u0105d\u017a kwartalne).<\/p>\n\n\n<div class=\"wp-block-image\">\n<figure class=\"aligncenter size-large is-resized\"><img loading=\"lazy\" decoding=\"async\" src=\"https:\/\/raks.pl\/pomoc\/wp-content\/uploads\/2023\/06\/3q-1024x557.png\" alt=\"\" class=\"wp-image-5271\" width=\"884\" height=\"480\" srcset=\"https:\/\/raks.pl\/pomoc\/wp-content\/uploads\/2023\/06\/3q-1024x557.png 1024w, https:\/\/raks.pl\/pomoc\/wp-content\/uploads\/2023\/06\/3q-300x163.png 300w, https:\/\/raks.pl\/pomoc\/wp-content\/uploads\/2023\/06\/3q-768x417.png 768w, https:\/\/raks.pl\/pomoc\/wp-content\/uploads\/2023\/06\/3q.png 1067w\" sizes=\"auto, (max-width: 884px) 100vw, 884px\" \/><\/figure>\n<\/div>\n\n\n<p><\/p>\n\n\n\n<p>Nast\u0119pnym etapem jest upewnienie si\u0119, \u017ce u danego udzia\u0142owca zosta\u0142y dodane zap\u0142acone sk\u0142adki ZUS z poziomu: <strong><em>Kartoteki &#8211;&gt; \u0179r\u00f3d\u0142a przychod\u00f3w, udzia\u0142owcy, udzia\u0142y-&gt;<\/em><\/strong>zak\u0142adka<strong><em> Udzia\u0142owcy,<\/em><\/strong> nast\u0119pnie w dolnej cz\u0119\u015bci okna <strong><em>Zap\u0142acone sk\u0142adki ubezpieczeniowe<\/em><\/strong>.<\/p>\n\n\n<div class=\"wp-block-image\">\n<figure class=\"aligncenter size-full\"><img loading=\"lazy\" decoding=\"async\" width=\"733\" height=\"167\" src=\"https:\/\/raks.pl\/pomoc\/wp-content\/uploads\/2023\/06\/4q.png\" alt=\"\" class=\"wp-image-5272\" srcset=\"https:\/\/raks.pl\/pomoc\/wp-content\/uploads\/2023\/06\/4q.png 733w, https:\/\/raks.pl\/pomoc\/wp-content\/uploads\/2023\/06\/4q-300x68.png 300w\" sizes=\"auto, (max-width: 733px) 100vw, 733px\" \/><\/figure>\n<\/div>\n\n\n<p><\/p>\n\n\n\n<p>Po upewnieniu si\u0119, \u017ce zap\u0142acone sk\u0142adki zosta\u0142y uzupe\u0142nione, nale\u017cy zweryfikowa\u0107 wprowadzone dane: <strong><em>S\u0142owniki &#8211;&gt; Ksi\u0119gowo\u015b\u0107 &#8211;&gt; Limit odliczenia sk\u0142adek zdrowotnych.<\/em><\/strong><\/p>\n\n\n<div class=\"wp-block-image\">\n<figure class=\"aligncenter size-full is-resized\"><img loading=\"lazy\" decoding=\"async\" src=\"https:\/\/raks.pl\/pomoc\/wp-content\/uploads\/2023\/06\/5q.png\" alt=\"\" class=\"wp-image-5274\" width=\"597\" height=\"407\" srcset=\"https:\/\/raks.pl\/pomoc\/wp-content\/uploads\/2023\/06\/5q.png 773w, https:\/\/raks.pl\/pomoc\/wp-content\/uploads\/2023\/06\/5q-300x205.png 300w, https:\/\/raks.pl\/pomoc\/wp-content\/uploads\/2023\/06\/5q-768x524.png 768w\" sizes=\"auto, (max-width: 597px) 100vw, 597px\" \/><\/figure>\n<\/div>\n\n\n<p>Nale\u017cy si\u0119 upewni\u0107 czy na dany rok zosta\u0142a dodana pozycja dotycz\u0105ca limitu odliczenia sk\u0142adek zdrowotnych od 1 stycznia za rok w kt\u00f3rym chcemy sk\u0142adki zdrowotne zaliczy\u0107 do koszt\u00f3w.<\/p>\n\n\n<div class=\"wp-block-image\">\n<figure class=\"aligncenter size-full\"><img loading=\"lazy\" decoding=\"async\" width=\"638\" height=\"372\" src=\"https:\/\/raks.pl\/pomoc\/wp-content\/uploads\/2023\/06\/6q.png\" alt=\"\" class=\"wp-image-5275\" srcset=\"https:\/\/raks.pl\/pomoc\/wp-content\/uploads\/2023\/06\/6q.png 638w, https:\/\/raks.pl\/pomoc\/wp-content\/uploads\/2023\/06\/6q-300x175.png 300w\" sizes=\"auto, (max-width: 638px) 100vw, 638px\" \/><\/figure>\n<\/div>\n\n\n<p>Po weryfikacji poprawno\u015bci danych oraz informacji w kartotece udzia\u0142owca nale\u017cy przej\u015b\u0107 do zak\u0142adki <strong><em>Ksi\u0119gowo\u015b\u0107 &#8211;&gt; Dowody wewn\u0119trzne<\/em><\/strong> i za pomoc\u0105 przycisku<strong><em> \u201eDodaj\u201d<\/em><\/strong> utworzy\u0107 Dow\u00f3d Wewn\u0119trzny.<\/p>\n\n\n<div class=\"wp-block-image\">\n<figure class=\"aligncenter size-full\"><img loading=\"lazy\" decoding=\"async\" width=\"607\" height=\"590\" src=\"https:\/\/raks.pl\/pomoc\/wp-content\/uploads\/2023\/06\/7q.png\" alt=\"\" class=\"wp-image-5276\" srcset=\"https:\/\/raks.pl\/pomoc\/wp-content\/uploads\/2023\/06\/7q.png 607w, https:\/\/raks.pl\/pomoc\/wp-content\/uploads\/2023\/06\/7q-300x292.png 300w\" sizes=\"auto, (max-width: 607px) 100vw, 607px\" \/><\/figure>\n<\/div>\n\n\n<figure class=\"wp-block-table is-style-stripes\"><table class=\"has-white-background-color has-background\"><tbody><tr><td><strong>Pole<\/strong><\/td><td><strong>Opis<\/strong><\/td><\/tr><tr><td>Kod dokumentu<\/td><td>Je\u015bli za\u0142o\u017cono kod dowodu wewn\u0119trznego w zak\u0142adce S\u0142owniki &gt; Kody dokument\u00f3w, pojawi si\u0119 tu domy\u015blnie nazwa utworzonego kodu. Uruchamiaj\u0105c przyciskiem z tr\u00f3jk\u0105tem skierowanym w d\u00f3\u0142 zmieniamy nazw\u0119 kodu na inn\u0105 Je\u015bli nie utworzono \u017cadnego kodu, pole to b\u0119dzie puste.<\/td><\/tr><tr><td>Nr dowodu<\/td><td>Wszystkie warto\u015bci znajduj\u0105ce si\u0119 w tej cz\u0119\u015bci okna s\u0105 wymagane przez program. Numer dowodu (proponowany przez program) mo\u017ce by\u0107 warto\u015bci\u0105 wpisan\u0105 przez u\u017cytkownika.<\/td><\/tr><tr><td>Nr kolejny<\/td><td>Kolejny numer proponowany jest w oparciu o zdefiniowane w kodzie dokumentu maski i numery startowe.<\/td><\/tr><tr><td>Data<\/td><td>Data dowodu musi by\u0107 zgodna z bie\u017c\u0105cym dla programu rokiem. Program automatycznie proponuje dat\u0119 sk\u0142adaj\u0105c\u0105 si\u0119 z bie\u017c\u0105cego dnia kalendarzowego.<\/td><\/tr><tr><td>Opis operacji<\/td><td>Program nie wymaga wype\u0142niania tych pozycji, cho\u0107 obie umieszczane s\u0105 na wydruku.<\/td><\/tr><tr><td>Pozycje dowodu<\/td><td>Pokazywane s\u0105 tu pozycje, jakie zosta\u0142y uwzgl\u0119dnione na danym dowodzie.<br>Uruchomienie przycisku \u201eDodaj\u201d&nbsp; otwiera okno \u201ePozycje dowodu wewn\u0119trznego\u201d do okre\u015blenia nazwy pozycji oraz jej warto\u015bci.<\/td><\/tr><\/tbody><\/table><\/figure>\n\n\n\n<p>W pozycji dowodu nale\u017cy doda\u0107 warto\u015b\u0107 sk\u0142adki zdrowotnej kt\u00f3ra p\u00f3\u017aniej b\u0119dzie widoczna jako sk\u0142adka zaliczona w koszty. Uzupe\u0142niamy pola takie jak Okre\u015blenie oraz zaznaczamy checkbox \u201eSk\u0142adka zdrowotna\u201d w\u00f3wczas aktywuje si\u0119 dolna cz\u0119\u015b\u0107 okna w kt\u00f3rej wskazujemy utworzonego udzia\u0142owca.<\/p>\n\n\n<div class=\"wp-block-image\">\n<figure class=\"aligncenter size-full\"><img loading=\"lazy\" decoding=\"async\" width=\"507\" height=\"327\" src=\"https:\/\/raks.pl\/pomoc\/wp-content\/uploads\/2023\/06\/8q.png\" alt=\"\" class=\"wp-image-5277\" srcset=\"https:\/\/raks.pl\/pomoc\/wp-content\/uploads\/2023\/06\/8q.png 507w, https:\/\/raks.pl\/pomoc\/wp-content\/uploads\/2023\/06\/8q-300x193.png 300w\" sizes=\"auto, (max-width: 507px) 100vw, 507px\" \/><\/figure>\n<\/div>","protected":false},"excerpt":{"rendered":"<p>W module Finanse i Ksi\u0119gowo\u015b\u0107 istnieje mo\u017cliwo\u015b\u0107 zaliczenia sk\u0142adki zdrowotnej w koszty.Taka funkcja dost\u0119pna jest w za\u0142o\u017conym roku obrotowym o typie Ksi\u0119ga Przychod\u00f3w i Rozchod\u00f3w.Dost\u0119pna funkcjonalno\u015b\u0107 znajduje si\u0119 w zak\u0142adce Ksi\u0119gowo\u015b\u0107 &#8211;&gt; Dowody Wewn\u0119trzne. Okno przegl\u0105dania podzielone jest na dwie cz\u0119\u015bci: z lewej strony znajduje si\u0119 drzewo dat, z prawej wy\u015bwietlane s\u0105 wprowadzone dowody. Do [&hellip;]<\/p>\n","protected":false},"author":2,"featured_media":0,"comment_status":"closed","ping_status":"","sticky":false,"template":"","format":"standard","meta":{"_acf_changed":false,"footnotes":""},"categories":[16,1],"tags":[],"class_list":["post-5268","post","type-post","status-publish","format-standard","hentry","category-ksiegowosc","category-samouczek"],"acf":[],"_links":{"self":[{"href":"https:\/\/raks.pl\/pomoc\/wp-json\/wp\/v2\/posts\/5268","targetHints":{"allow":["GET"]}}],"collection":[{"href":"https:\/\/raks.pl\/pomoc\/wp-json\/wp\/v2\/posts"}],"about":[{"href":"https:\/\/raks.pl\/pomoc\/wp-json\/wp\/v2\/types\/post"}],"author":[{"embeddable":true,"href":"https:\/\/raks.pl\/pomoc\/wp-json\/wp\/v2\/users\/2"}],"replies":[{"embeddable":true,"href":"https:\/\/raks.pl\/pomoc\/wp-json\/wp\/v2\/comments?post=5268"}],"version-history":[{"count":5,"href":"https:\/\/raks.pl\/pomoc\/wp-json\/wp\/v2\/posts\/5268\/revisions"}],"predecessor-version":[{"id":5283,"href":"https:\/\/raks.pl\/pomoc\/wp-json\/wp\/v2\/posts\/5268\/revisions\/5283"}],"wp:attachment":[{"href":"https:\/\/raks.pl\/pomoc\/wp-json\/wp\/v2\/media?parent=5268"}],"wp:term":[{"taxonomy":"category","embeddable":true,"href":"https:\/\/raks.pl\/pomoc\/wp-json\/wp\/v2\/categories?post=5268"},{"taxonomy":"post_tag","embeddable":true,"href":"https:\/\/raks.pl\/pomoc\/wp-json\/wp\/v2\/tags?post=5268"}],"curies":[{"name":"wp","href":"https:\/\/api.w.org\/{rel}","templated":true}]}}