{"id":812,"date":"2021-07-28T14:33:11","date_gmt":"2021-07-28T12:33:11","guid":{"rendered":"http:\/\/raks.pl\/pomoc\/?p=812"},"modified":"2021-10-19T15:32:11","modified_gmt":"2021-10-19T13:32:11","slug":"bilanse-otwarcia","status":"publish","type":"post","link":"https:\/\/raks.pl\/pomoc\/bilanse-otwarcia\/","title":{"rendered":"Bilanse otwarcia"},"content":{"rendered":"\n<p>Bilans otwarcia dla pracownik\u00f3w wprowadza si\u0119 w dw\u00f3ch sytuacjach:<\/p>\n\n\n\n<ul class=\"wp-block-list\"><li>kiedy&nbsp;rozpoczynamy prac\u0119 z programem&nbsp;i wprowadzamy do systemu pracownik\u00f3w, kt\u00f3rzy byli dotychczas zatrudnieni w naszej firmie, jednak byli rozliczani za pomoc\u0105 innych narz\u0119dzi ni\u017c&nbsp;<em>RAKSSQL<\/em>,<\/li><li>kiedy&nbsp;zatrudniamy nowego pracownika.<\/li><\/ul>\n\n\n\n<p>W obu sytuacjach bilans otwarcia s\u0142u\u017cy podaniu programowi informacji umo\u017cliwiaj\u0105cych poprawne wyliczenia, np. urlopu czy wynagrodzenia chorobowego.<\/p>\n\n\n\n<p>W poni\u017cszych \u0107wiczeniach przedstawimy&nbsp;<strong>wprowadzenie bilansu dla nowo zatrudnionego pracownika<\/strong>&nbsp;dodanego w&nbsp;poprzednich \u0107wiczeniach.<\/p>\n\n\n\n<p><strong>Cele:<\/strong><\/p>\n\n\n\n<ul class=\"wp-block-list\"><li>wykonanie bilansu otwarcia dla pracownika,<\/li><li>wyznaczenie wymiaru urlopu.<\/li><\/ul>\n\n\n\n<p><strong>Wymagania:<\/strong><\/p>\n\n\n\n<ul class=\"wp-block-list\"><li>zainstalowany&nbsp;<em>RAKSSQL,<\/em><\/li><li>za\u0142o\u017cona&nbsp;firma,<\/li><li>wykonane \u0107wiczenie&nbsp;Pracownicy,<\/li><li>wykonane \u0107wiczenie&nbsp;Wprowadzenie umowy o prac\u0119.<\/li><\/ul>\n\n\n\n<h3 class=\"wp-block-heading\">Krok 1: Bilans otwarcia dla pracownika<\/h3>\n\n\n<div class=\"info-gutenberg-block\">\n    <div class=\"content-info-block\" style=\"border-color:#aaaaaa ; background-color: #aaaaaa10;\"><p><strong>W tym kroku:\u00a0<\/strong>Om\u00f3wimy dodawanie bilans\u00f3w otwarcia dla pracownika.<\/p>\n<\/div>\n<\/div>\n\n<div class=\"info-gutenberg-block\">\n    <div class=\"content-info-block\" style=\"border-color:#1976d2 ; background-color: #1976d210;\"><p><strong>Informacja:<\/strong>\u00a0Bilans otwarcia dla pracownika s\u0142u\u017cy do obliczania podstawy zasi\u0142ku chorobowego oraz kontroli progu podatkowego i rocznego limitu podstawy sk\u0142adki na ubezpieczenie emerytalne i rentowe.<\/p>\n<\/div>\n<\/div>\n\n\n<p>Aby doda\u0107 bilans otwarcia:<\/p>\n\n\n\n<ol class=\"wp-block-list\"><li>W uruchomionym module&nbsp;<strong>Kadry i P\u0142ace<\/strong>&nbsp;w menu g\u0142\u00f3wnym wybierz&nbsp;<strong>Kartoteki,<\/strong>&nbsp;a nast\u0119pnie&nbsp;<strong>Pracownicy<\/strong>&nbsp;z rozwijanego menu.<\/li><li>Pojawi si\u0119 znane ju\u017c okno&nbsp;<strong>Pracownicy<\/strong>. Znajd\u017a wiersz z&nbsp;<strong>Rafa\u0142em Augustyniakiem<\/strong>&nbsp;(kt\u00f3rego w\u0142a\u015bnie zatrudniamy) i kliknij na niego dwukrotnie.<\/li><li>Otworzy\u0142o si\u0119 okno z danymi pracownika. Przejd\u017a do zak\u0142adki&nbsp;<strong>Bilanse otwarcia<\/strong>. W g\u00f3rnej cz\u0119\u015bci ekranu znajduje si\u0119 pole wyboru&nbsp;<strong>Poka\u017c bilanse otwarcia dla<\/strong>, w kt\u00f3rym masz do wyboru opcje:<br>\u2022&nbsp;&nbsp;&nbsp;&nbsp;Pracownika<br>\u2022&nbsp;&nbsp;&nbsp;&nbsp;Deklaracji PIT-11&nbsp;&#8211; nie dotyczy nowo zatrudnionego pracownika<br>\u2022&nbsp;&nbsp;&nbsp;&nbsp;Umowa zawarta w dniu 2014-04-01.<\/li><\/ol>\n\n\n\n<p>Aby doda\u0107 bilans dla pracownika:<\/p>\n\n\n\n<ol class=\"wp-block-list\"><li>W polu wyboru\u00a0<strong>Poka\u017c bilanse otwarcia dla<\/strong>\u00a0wybierz\u00a0<em>Pracownika<\/em>, a nast\u0119pnie kliknij\u00a0<img loading=\"lazy\" decoding=\"async\" width=\"78\" height=\"23\" class=\"wp-image-2109\" style=\"width: 78px;\" src=\"https:\/\/raks.pl\/pomoc\/wp-content\/uploads\/2021\/07\/dodaj.png\" alt=\"\">.<\/li><li>Otworzy si\u0119 okno\u00a0<strong>Parametry Bilansu Otwarcia<\/strong>. W panelu\u00a0<strong>Okres dla wprowadzanego bilansu<\/strong>\u00a0program automatycznie poda\u0142 12 miesi\u0119cy sprzed daty rozpocz\u0119cia oblicze\u0144 w systemie (opcja ustawiona w zak\u0142adce\u00a0<strong>Kadrowe i P\u0142acowe<\/strong>). Kliknij <img loading=\"lazy\" decoding=\"async\" width=\"78\" height=\"23\" class=\"wp-image-2109\" style=\"width: 78px;\" src=\"https:\/\/raks.pl\/pomoc\/wp-content\/uploads\/2021\/07\/dodaj.png\" alt=\"\">.<\/li><li>Otwiera si\u0119 okno\u00a0<strong>Sk\u0142adniki Bilansu Otwarcia<\/strong>. W przypadku nowo zatrudnianego pracownika interesuj\u0105 nas tylko kolumny opisane w poni\u017cszej tabeli.<\/li><\/ol>\n\n\n\n<div class=\"content-toggle-drop-down\" style=\"display: block;\">\n\t<table>\n\t\t<thead>\n\t\t\t<tr>\n\t\t\t\t<th style=\"width: 20%;\">Kolumna<\/th>\n\t\t\t\t<th style=\"width: 80%;\">Opis<\/th>\n\t\t\t<\/tr>\n\t\t<\/thead>\n\t\t<tbody>\n\t\t\t<tr>\n\t\t\t\t<td>Doch\u00f3d ze stosunku pracy<\/td>\n\t\t\t\t<td>S\u0142u\u017cy do kontrolowania stawki podatku dochodowego od os\u00f3b fizycznych. W tym polu nale\u017cy poda\u0107 <strong>doch\u00f3d ze stosunku pracy uzyskany przez pracownika pomi\u0119dzy pocz\u0105tkiem roku kalendarzowego a dat\u0105 rozpocz\u0119cia oblicze\u0144 w systemie.<\/strong> Je\u015bli nie przewidujemy przekroczenia stawki podatku, mo\u017cna tego pola nie uzupe\u0142nia\u0107.<\/td>\n\t\t\t<\/tr>\n\t\t\t<tr>\n\t\t\t\t<td>Liczba dni choroby poza systemem<\/td>\n\t\t\t\t<td>W tym polu nale\u017cy poda\u0107 <strong>liczb\u0119 dni choroby w bie\u017c\u0105cym roku<\/strong>, kt\u00f3ra nie by\u0142a ewidencjonowana w zdarzeniach np. dni choroby u poprzedniego pracodawcy lub przed wdro\u017ceniem programu RAKSSQL. Informacja ta b\u0119dzie wykorzystywana przy sprawdzaniu limitu dni wynagrodzenia chorobowego w ci\u0105gu roku.<\/td>\n\t\t\t<\/tr>\n\t\t\t<tr>\n\t\t\t\t<td>Liczba dni zasi\u0142ku opieku\u0144czego na dziecko<\/td>\n\t\t\t\t<td>W tym polu nale\u017cy poda\u0107 <strong>liczb\u0119 dni zasi\u0142ku opieku\u0144czego na dziecko w bie\u017c\u0105cym roku<\/strong>, kt\u00f3ra nie by\u0142a ewidencjonowana w zdarzeniach. Informacja ta b\u0119dzie wykorzystana przy sprawdzaniu limitu dni tego zasi\u0142ku.<\/td>\n\t\t\t<\/tr>\n\t\t\t<tr>\n\t\t\t\t<td>Liczba dni zasi\u0142ku opieku\u0144czego na innego cz\u0142onka rodziny<\/td>\n\t\t\t\t<td>W tym polu nale\u017cy poda\u0107 <strong>liczb\u0119 dni zasi\u0142ku opieku\u0144czego na innego cz\u0142onka rodziny w bie\u017c\u0105cym roku<\/strong>, kt\u00f3ra nie by\u0142a ewidencjonowana w zdarzeniach. Informacja ta b\u0119dzie wykorzystana przy sprawdzaniu limitu dni tego zasi\u0142ku.<\/td>\n\t\t\t<\/tr>\n\t\t\t<tr>\n\t\t\t\t<td>Podstawa osk\u0142adkowania poza systemem<\/td>\n\t\t\t\t<td>Jest to <strong>podstawa osk\u0142adkowana<\/strong> u innych pracodawc\u00f3w lub u tego pracodawcy sprzed wdro\u017cenia systemu. S\u0142u\u017cy kontroli limitu maksymalnej rocznej podstawy sk\u0142adki na ubezpieczenie emerytalne i rentowe. Nale\u017cy tu uwzgl\u0119dni\u0107 tylko <strong>wynagrodzenia wyp\u0142acone pomi\u0119dzy pocz\u0105tkiem roku kalendarzowego a dat\u0105 rozpocz\u0119cia oblicze\u0144 w systemie.<\/strong> Nale\u017cy poda\u0107 sum\u0119 z um\u00f3w o prac\u0119 i um\u00f3w cywilnoprawnych \u0142\u0105cznie. Je\u015bli nie przewidujemy przekroczenia sk\u0142adki, mo\u017cna tego pola nie uzupe\u0142nia\u0107.<\/td>\n\t\t\t<\/tr>\n\t\t<\/tbody>\n\t<\/table>\n<\/div>\n\n\n\n<ol class=\"wp-block-list\" start=\"4\"><li>W kolumnie&nbsp;<strong>Liczba dni choroby poza systemem<\/strong>&nbsp;wpisz&nbsp;<em>3<\/em>, a w kolumnie&nbsp;<strong>Liczba dni zasi\u0142ku opieku\u0144czego na dziecko<\/strong>&nbsp;wpisz&nbsp;<em>2<\/em>, a nast\u0119pnie kliknij <img loading=\"lazy\" decoding=\"async\" width=\"75\" height=\"21\" class=\"wp-image-254\" style=\"width: 75px;\" src=\"https:\/\/raks.pl\/pomoc\/wp-content\/uploads\/2021\/07\/Przycisk_Zatwierdz.png\" alt=\"\">.<\/li><li>Program wy\u015bwietli raport o utworzeniu list p\u0142atniczych bilansu otwarcia dla wskazanych miesi\u0119cy. Kliknij <img loading=\"lazy\" decoding=\"async\" width=\"75\" height=\"21\" class=\"wp-image-338\" style=\"width: 75px;\" src=\"https:\/\/raks.pl\/pomoc\/wp-content\/uploads\/2021\/07\/Przycisk_Zamknij.png\" alt=\"\">. Program zapisa\u0142 bilans otwarcia w zak\u0142adce&nbsp;<strong>Bilanse otwarcia<\/strong>&nbsp;kartoteki pracownika.<\/li><\/ol>\n\n\n\n<div class=\"wp-block-image is-style-default\"><figure class=\"aligncenter size-full\"><img loading=\"lazy\" decoding=\"async\" width=\"690\" height=\"235\" src=\"https:\/\/raks.pl\/pomoc\/wp-content\/uploads\/2021\/07\/4-1-9.png\" alt=\"\" class=\"wp-image-819\" srcset=\"https:\/\/raks.pl\/pomoc\/wp-content\/uploads\/2021\/07\/4-1-9.png 690w, https:\/\/raks.pl\/pomoc\/wp-content\/uploads\/2021\/07\/4-1-9-300x102.png 300w\" sizes=\"auto, (max-width: 690px) 100vw, 690px\" \/><\/figure><\/div>\n\n\n\n<ol class=\"wp-block-list\" start=\"6\"><li>Kliknij <img loading=\"lazy\" decoding=\"async\" width=\"75\" height=\"21\" class=\"wp-image-295\" style=\"width: 75px;\" src=\"https:\/\/raks.pl\/pomoc\/wp-content\/uploads\/2021\/07\/Przycisk_Zapisz.png\" alt=\"\"> w oknie kartoteki pracownika.<\/li><\/ol>\n\n\n\n<h3 class=\"wp-block-heading\">Krok 2: Bilans otwarcia dla urlopu<\/h3>\n\n\n<div class=\"info-gutenberg-block\">\n    <div class=\"content-info-block\" style=\"border-color:#aaaaaa ; background-color: #aaaaaa10;\"><p><strong>W tym kroku:\u00a0<\/strong>Om\u00f3wimy dodawanie bilans\u00f3w otwarcia dla urlopu nowego pracownika.<span class=\"confluence-link\">\u00a0Bilans ten nale\u017cy tworzy\u0107 zawsze wtedy, kiedy pojawi si\u0119 jaki\u015b czynnik wp\u0142ywaj\u0105cy na wymiar urlopu pracownika (np. rozpocz\u0119cie kolejnego roku, nowa umowa lub aneks, kt\u00f3ra wyd\u0142u\u017ca lub zmienia wymiar czasu pracy).<\/span><\/p>\n<\/div>\n<\/div>\n\n<div class=\"info-gutenberg-block\">\n    <div class=\"content-info-block\" style=\"border-color:#1976d2 ; background-color: #1976d210;\"><p><strong>Informacja:<\/strong>\u00a0Program, na podstawie wykszta\u0142cenia, poprzedniego zatrudnienia i umowy bie\u017c\u0105cej oraz um\u00f3w z bie\u017c\u0105cego zatrudnienia, automatycznie wylicza wymiar urlopu nale\u017cnego pracownikowi w danym roku.<\/p>\n<\/div>\n<\/div>\n\n\n<p>Aby doda\u0107 bilans urlopowy dla pracownika:<\/p>\n\n\n\n<ol class=\"wp-block-list\"><li>W oknie&nbsp;<strong>Pracownicy<\/strong>, zaznacz&nbsp;<strong>Rafa\u0142a Augustyniaka<\/strong>&nbsp;i kliknij w <img loading=\"lazy\" decoding=\"async\" width=\"75\" height=\"21\" class=\"wp-image-367\" style=\"width: 75px;\" src=\"https:\/\/raks.pl\/pomoc\/wp-content\/uploads\/2021\/07\/Przycisk_Operacje.png\" alt=\"\">, a nast\u0119pnie wybierz z rozwijanego menu&nbsp;<strong>Utw\u00f3rz bilans urlopowy dla bie\u017c\u0105cego roku<\/strong>.<\/li><\/ol>\n\n\n\n<div class=\"wp-block-image is-style-default\"><figure class=\"aligncenter size-full\"><img loading=\"lazy\" decoding=\"async\" width=\"387\" height=\"102\" src=\"https:\/\/raks.pl\/pomoc\/wp-content\/uploads\/2021\/07\/1-9.png\" alt=\"\" class=\"wp-image-821\" srcset=\"https:\/\/raks.pl\/pomoc\/wp-content\/uploads\/2021\/07\/1-9.png 387w, https:\/\/raks.pl\/pomoc\/wp-content\/uploads\/2021\/07\/1-9-300x79.png 300w\" sizes=\"auto, (max-width: 387px) 100vw, 387px\" \/><\/figure><\/div>\n\n\n\n<ol class=\"wp-block-list\" start=\"2\"><li>Program wy\u015bwietli raport z zak\u0142adania bilans\u00f3w urlopowych dla ca\u0142ego roku. Kliknij <img loading=\"lazy\" decoding=\"async\" width=\"75\" height=\"21\" class=\"wp-image-338\" style=\"width: 75px;\" src=\"https:\/\/raks.pl\/pomoc\/wp-content\/uploads\/2021\/07\/Przycisk_Zamknij.png\" alt=\"\">.<\/li><\/ol>\n\n\n\n<div class=\"wp-block-image is-style-default\"><figure class=\"aligncenter size-full\"><img loading=\"lazy\" decoding=\"async\" width=\"431\" height=\"262\" src=\"https:\/\/raks.pl\/pomoc\/wp-content\/uploads\/2021\/07\/2-11.png\" alt=\"\" class=\"wp-image-822\" srcset=\"https:\/\/raks.pl\/pomoc\/wp-content\/uploads\/2021\/07\/2-11.png 431w, https:\/\/raks.pl\/pomoc\/wp-content\/uploads\/2021\/07\/2-11-300x182.png 300w\" sizes=\"auto, (max-width: 431px) 100vw, 431px\" \/><\/figure><\/div>\n\n\n\n<ol class=\"wp-block-list\" start=\"3\"><li>Kliknij dwukrotnie na wiersz z pracownikiem, aby otworzy\u0107 okno kartoteki pracownika.<\/li><li>Przejd\u017a do zak\u0142adki&nbsp;<strong>Bilanse otwarcia<\/strong>&nbsp;i polu wyboru&nbsp;<strong>Poka\u017c bilanse otwarcia dla<\/strong>&nbsp;wybierz&nbsp;<em>Umowa zawarta w dniu 2014-04-01.<\/em><\/li><li>Przejd\u017a do zak\u0142adki&nbsp;<strong>Urlop\u00f3w<\/strong>. Na li\u015bcie bilans\u00f3w urlopowych dost\u0119pny jest bilans dodany w punktach 1-2. Kliknij na niego dwukrotnie<\/li><\/ol>\n\n\n\n<div class=\"wp-block-image is-style-default\"><figure class=\"aligncenter size-full\"><img loading=\"lazy\" decoding=\"async\" width=\"686\" height=\"272\" src=\"https:\/\/raks.pl\/pomoc\/wp-content\/uploads\/2021\/07\/5-1-8.png\" alt=\"\" class=\"wp-image-823\" srcset=\"https:\/\/raks.pl\/pomoc\/wp-content\/uploads\/2021\/07\/5-1-8.png 686w, https:\/\/raks.pl\/pomoc\/wp-content\/uploads\/2021\/07\/5-1-8-300x119.png 300w\" sizes=\"auto, (max-width: 686px) 100vw, 686px\" \/><\/figure><\/div>\n\n\n\n<ol class=\"wp-block-list\" start=\"6\"><li>Otworzy si\u0119 okno&nbsp;<strong>Bilans dla urlopu wypoczynkowego<\/strong>. Program uzupe\u0142ni\u0142 daty pocz\u0105tku i ko\u0144ca umowy, wyliczy\u0142 wymiar roczny urlopu, a tak\u017ce przepisa\u0142 z umowy informacje dotycz\u0105ce wymiaru pracy i normy czasu pracy.<\/li><\/ol>\n\n\n<div class=\"info-gutenberg-block\">\n    <div class=\"content-info-block\" style=\"border-color:#dca80e ; background-color: #dca80e10;\"><p><strong>Uwaga:\u00a0<\/strong>Nale\u017cy zwr\u00f3ci\u0107 uwag\u0119 na to, \u017ce wymiar roczny urlopu jest to wielko\u015b\u0107 wyj\u015bciowa, okre\u015blaj\u0105ca urlop przys\u0142uguj\u0105cy pracownikowi za ca\u0142y rok pracy. Dopiero na podstawie tej wielko\u015bci program wyliczy wymiar urlopu jaki nale\u017cy si\u0119 pracownikowi z uwzgl\u0119dnieniem d\u0142ugo\u015bci trwania umowy, wymiary czasu pracy i norm\u0119 czasu pracy.<\/p>\n<\/div>\n<\/div>\n\n\n<ol class=\"wp-block-list\" start=\"7\"><li>W panelu&nbsp;<strong>Urlop wykorzystany u innego pracodawcy<\/strong>&nbsp;program przepisa\u0142 liczb\u0119 godzin urlopu wykorzystanego przez pracownika u poprzedniego pracodawcy w kartoteki kadrowej z zak\u0142adki&nbsp;<strong>Przebieg zatrudnienia<\/strong>.&nbsp;Kliknij&nbsp;<img loading=\"lazy\" decoding=\"async\" width=\"75\" height=\"21\" class=\"wp-image-295\" style=\"width: 75px;\" src=\"https:\/\/raks.pl\/pomoc\/wp-content\/uploads\/2021\/07\/Przycisk_Zapisz.png\" alt=\"\">.<\/li><\/ol>\n\n\n\n<div class=\"wp-block-image is-style-default\"><figure class=\"aligncenter size-full\"><img loading=\"lazy\" decoding=\"async\" width=\"439\" height=\"479\" src=\"https:\/\/raks.pl\/pomoc\/wp-content\/uploads\/2021\/07\/6-2-3.png\" alt=\"\" class=\"wp-image-824\" srcset=\"https:\/\/raks.pl\/pomoc\/wp-content\/uploads\/2021\/07\/6-2-3.png 439w, https:\/\/raks.pl\/pomoc\/wp-content\/uploads\/2021\/07\/6-2-3-275x300.png 275w\" sizes=\"auto, (max-width: 439px) 100vw, 439px\" \/><\/figure><\/div>\n\n\n\n<ol class=\"wp-block-list\" start=\"8\"><li>W kartotece pracownika kliknij&nbsp;<img loading=\"lazy\" decoding=\"async\" width=\"75\" height=\"21\" class=\"wp-image-295\" style=\"width: 75px;\" src=\"https:\/\/raks.pl\/pomoc\/wp-content\/uploads\/2021\/07\/Przycisk_Zapisz.png\" alt=\"\">.<\/li><\/ol>\n\n\n<div class=\"info-gutenberg-block\">\n    <div class=\"content-info-block\" style=\"border-color:#0a7322 ; background-color: #0a732210;\"><p><strong>Wskaz\u00f3wka:<\/strong>\u00a0Aby sprawdzi\u0107, ile dni przys\u0142uguje pracownikowi na danej umowie, razem z uwzgl\u0119dnieniem urlopu ju\u017c wykorzystanego, nale\u017cy\u00a0wygenerowa\u0107 kart\u0119 urlopow\u0105.<\/p>\n<\/div>\n<\/div>","protected":false},"excerpt":{"rendered":"<p>Bilans otwarcia dla pracownik\u00f3w wprowadza si\u0119 w dw\u00f3ch sytuacjach: kiedy&nbsp;rozpoczynamy prac\u0119 z programem&nbsp;i wprowadzamy do systemu pracownik\u00f3w, kt\u00f3rzy byli dotychczas zatrudnieni w naszej firmie, jednak byli rozliczani za pomoc\u0105 innych narz\u0119dzi ni\u017c&nbsp;RAKSSQL, kiedy&nbsp;zatrudniamy nowego pracownika. W obu sytuacjach bilans otwarcia s\u0142u\u017cy podaniu programowi informacji umo\u017cliwiaj\u0105cych poprawne wyliczenia, np. urlopu czy wynagrodzenia chorobowego. W poni\u017cszych \u0107wiczeniach [&hellip;]<\/p>\n","protected":false},"author":1,"featured_media":0,"comment_status":"closed","ping_status":"","sticky":false,"template":"","format":"standard","meta":{"_acf_changed":false,"footnotes":""},"categories":[1],"tags":[],"class_list":["post-812","post","type-post","status-publish","format-standard","hentry","category-samouczek"],"acf":[],"_links":{"self":[{"href":"https:\/\/raks.pl\/pomoc\/wp-json\/wp\/v2\/posts\/812","targetHints":{"allow":["GET"]}}],"collection":[{"href":"https:\/\/raks.pl\/pomoc\/wp-json\/wp\/v2\/posts"}],"about":[{"href":"https:\/\/raks.pl\/pomoc\/wp-json\/wp\/v2\/types\/post"}],"author":[{"embeddable":true,"href":"https:\/\/raks.pl\/pomoc\/wp-json\/wp\/v2\/users\/1"}],"replies":[{"embeddable":true,"href":"https:\/\/raks.pl\/pomoc\/wp-json\/wp\/v2\/comments?post=812"}],"version-history":[{"count":6,"href":"https:\/\/raks.pl\/pomoc\/wp-json\/wp\/v2\/posts\/812\/revisions"}],"predecessor-version":[{"id":2110,"href":"https:\/\/raks.pl\/pomoc\/wp-json\/wp\/v2\/posts\/812\/revisions\/2110"}],"wp:attachment":[{"href":"https:\/\/raks.pl\/pomoc\/wp-json\/wp\/v2\/media?parent=812"}],"wp:term":[{"taxonomy":"category","embeddable":true,"href":"https:\/\/raks.pl\/pomoc\/wp-json\/wp\/v2\/categories?post=812"},{"taxonomy":"post_tag","embeddable":true,"href":"https:\/\/raks.pl\/pomoc\/wp-json\/wp\/v2\/tags?post=812"}],"curies":[{"name":"wp","href":"https:\/\/api.w.org\/{rel}","templated":true}]}}